{"id":6549,"date":"2022-07-29T09:11:24","date_gmt":"2022-07-29T09:11:24","guid":{"rendered":"https:\/\/todaslasplantas.com\/blog\/?p=6549"},"modified":"2022-09-20T06:37:50","modified_gmt":"2022-09-20T06:37:50","slug":"las-mejores-plantas-artificiales-para-decorar-en-verano","status":"publish","type":"post","link":"https:\/\/todaslasplantas.com\/blog\/las-mejores-plantas-artificiales-para-decorar-en-verano\/","title":{"rendered":"Las mejores Plantas artificiales para decorar en verano"},"content":{"rendered":"\n<p>El verano es la \u00e9poca m\u00e1s calurosa del a\u00f1o. Por ello, elegir <strong>plantas artificiales para decorar<\/strong> puede ser una de las mejores opciones, ya que no se secar\u00e1n en exceso por el tiempo ni les afectar\u00e1 la temporalidad.<\/p>\n\n\n\n<p>En este post te mostraremos algunas de las <strong>plantas artificiales de verano<\/strong> m\u00e1s demandadas, utilizadas por su aspecto y forma, siendo id\u00f3neas para esta estaci\u00f3n del a\u00f1o.<\/p>\n\n\n\n<h2 class=\"wp-block-heading\"><span class=\"ez-toc-section\" id=\"Palmeras_artificiales_para_verano\"><\/span>Palmeras artificiales para verano<span class=\"ez-toc-section-end\"><\/span><\/h2>\n\n\n\n<p>La <strong>palmera se identifica como una planta veraniega<\/strong>, de lugares de playa en los que el tiempo suele ser caluroso. Por ello, suele ser una de las plantas m\u00e1s utilizadas para recrear zonas veraniegas o m\u00e1s ex\u00f3ticas.<\/p>\n\n\n\n<p>La <strong>decoraci\u00f3n con palmeras artificiales en verano<\/strong> pasa desde palmeras completas hasta hojas de palmera, perfectas para decorar paredes.<\/p>\n\n\n\n<h2 class=\"wp-block-heading\"><span class=\"ez-toc-section\" id=\"Plataneras_y_bananeras_artificiales_para_decorar_en_verano\"><\/span>Plataneras y bananeras artificiales para decorar en verano<span class=\"ez-toc-section-end\"><\/span><\/h2>\n\n\n\n<p>La platanera o <a href=\"https:\/\/todaslasplantas.com\/237-plataneras-y-bananeras-artificiales\" class=\"rank-math-link\">bananera artificial<\/a>, por sus hojas alargadas y altitud, es uno de las <a href=\"https:\/\/todaslasplantas.com\/210-plantas-artificiales\" class=\"rank-math-link\">plantas artificiales<\/a> m\u00e1s demandadas para esta \u00e9poca del a\u00f1o. Podr\u00e1s decorar cualquier lugar con ella, sin dejar indiferente a nadie que vea tu nueva decoraci\u00f3n.<\/p>\n\n\n\n<figure class=\"wp-block-image size-full\"><img loading=\"lazy\" decoding=\"async\" width=\"990\" height=\"475\" src=\"https:\/\/todaslasplantas.com\/blog\/wp-content\/uploads\/2022\/07\/platanera_verano.jpg\" alt=\"platanera_verano\" class=\"wp-image-6686\" srcset=\"https:\/\/todaslasplantas.com\/blog\/wp-content\/uploads\/2022\/07\/platanera_verano.jpg 990w, https:\/\/todaslasplantas.com\/blog\/wp-content\/uploads\/2022\/07\/platanera_verano-768x368.jpg 768w\" sizes=\"(max-width: 990px) 100vw, 990px\" \/><\/figure>\n\n\n\n<h2 class=\"wp-block-heading\"><span class=\"ez-toc-section\" id=\"Flores_artificiales_para_decorar_en_verano\"><\/span>Flores artificiales para decorar en verano<span class=\"ez-toc-section-end\"><\/span><\/h2>\n\n\n\n<p>Dentro de las <a href=\"https:\/\/todaslasplantas.com\/209-flores-artificiales\" class=\"rank-math-link\">flores artificiales<\/a>, las m\u00e1s coloridas suelen ser las m\u00e1s demandadas para esta \u00e9poca. Para conseguir la mejor decoraci\u00f3n, encontraremos desde <a href=\"https:\/\/todaslasplantas.com\/249-tulipanes-artificiales\" class=\"rank-math-link\">tulipanes artificiales<\/a>, hasta <a href=\"https:\/\/todaslasplantas.com\/219-orquideas-artificiales\" class=\"rank-math-link\">orqu\u00eddeas artificiales<\/a>.<\/p>\n\n\n\n<p>Este tipo de flores se utilizan tanto en maceta como en jarra de cristal, o incluso en pared <strong>si acompa\u00f1a a la decoraci\u00f3n de la zona<\/strong>.<\/p>\n\n\n\n<figure class=\"wp-block-image size-full\"><img loading=\"lazy\" decoding=\"async\" width=\"990\" height=\"475\" src=\"https:\/\/todaslasplantas.com\/blog\/wp-content\/uploads\/2022\/07\/flores-artificiales_verano.jpg\" alt=\"flores-artificiales_verano\" class=\"wp-image-6687\" srcset=\"https:\/\/todaslasplantas.com\/blog\/wp-content\/uploads\/2022\/07\/flores-artificiales_verano.jpg 990w, https:\/\/todaslasplantas.com\/blog\/wp-content\/uploads\/2022\/07\/flores-artificiales_verano-768x368.jpg 768w\" sizes=\"(max-width: 990px) 100vw, 990px\" \/><\/figure>\n\n\n\n<h2 class=\"wp-block-heading\"><span class=\"ez-toc-section\" id=\"Que_zonas_decorar_con_plantas_artificiales_en_verano\"><\/span>Qu\u00e9 zonas decorar con plantas artificiales en verano<span class=\"ez-toc-section-end\"><\/span><\/h2>\n\n\n\n<p>Antes de elegir estos tipos de planta como parte de nuestro dise\u00f1o de la zona a decorar, debemos tener en cuenta<strong> que las flores o plantas artificiales deben tener concordancia con el resto de la decoraci\u00f3n<\/strong> para conseguir un resultado perfecto. Adem\u00e1s, debemos tener cuidado con exponerlas directamente al sol en \u00e9pocas de altas temperaturas, ya que podr\u00e1n perder su color o forma debido a la calor.<\/p>\n\n\n\n<p>Por ello, podemos decorar cualquier instancia respetando estos dos puntos, consiguiendo una <strong>decoraci\u00f3n floral \u00fanica <\/strong>y evitando tener que aportarles muchos cuidados y mantenimiento, ya que al ser artificial, nos ofrece la gran ventaja de que apenas requiere mantenimiento para seguir como el primer d\u00eda.<\/p>\n\n\n\n<p>Si est\u00e1s pensando en decorar tus zonas veraniegas con plantas artificiales, <strong>\u00a1est\u00e1s en el lugar adecuado!<\/strong><\/p>\n<div id=\"ez-toc-container\" class=\"ez-toc-v2_0_63 counter-hierarchy ez-toc-counter ez-toc-custom ez-toc-container-direction\">\n<div class=\"ez-toc-title-container\">\n<p class=\"ez-toc-title \" >&Iacute;ndice Contenido<\/p>\n<span class=\"ez-toc-title-toggle\"><a href=\"#\" class=\"ez-toc-pull-right ez-toc-btn ez-toc-btn-xs ez-toc-btn-default ez-toc-toggle\" aria-label=\"Toggle Table of Content\"><span class=\"ez-toc-js-icon-con\"><span class=\"\"><span class=\"eztoc-hide\" style=\"display:none;\">Toggle<\/span><span class=\"ez-toc-icon-toggle-span\"><svg style=\"fill: #999;color:#999\" xmlns=\"http:\/\/www.w3.org\/2000\/svg\" class=\"list-377408\" width=\"20px\" height=\"20px\" viewBox=\"0 0 24 24\" fill=\"none\"><path d=\"M6 6H4v2h2V6zm14 0H8v2h12V6zM4 11h2v2H4v-2zm16 0H8v2h12v-2zM4 16h2v2H4v-2zm16 0H8v2h12v-2z\" fill=\"currentColor\"><\/path><\/svg><svg style=\"fill: #999;color:#999\" class=\"arrow-unsorted-368013\" xmlns=\"http:\/\/www.w3.org\/2000\/svg\" width=\"10px\" height=\"10px\" viewBox=\"0 0 24 24\" version=\"1.2\" baseProfile=\"tiny\"><path d=\"M18.2 9.3l-6.2-6.3-6.2 6.3c-.2.2-.3.4-.3.7s.1.5.3.7c.2.2.4.3.7.3h11c.3 0 .5-.1.7-.3.2-.2.3-.5.3-.7s-.1-.5-.3-.7zM5.8 14.7l6.2 6.3 6.2-6.3c.2-.2.3-.5.3-.7s-.1-.5-.3-.7c-.2-.2-.4-.3-.7-.3h-11c-.3 0-.5.1-.7.3-.2.2-.3.5-.3.7s.1.5.3.7z\"\/><\/svg><\/span><\/span><\/span><\/a><\/span><\/div>\n<nav><ul class='ez-toc-list ez-toc-list-level-1 ' ><li class='ez-toc-page-1 ez-toc-heading-level-2'><a class=\"ez-toc-link ez-toc-heading-1\" href=\"https:\/\/todaslasplantas.com\/blog\/las-mejores-plantas-artificiales-para-decorar-en-verano\/#Palmeras_artificiales_para_verano\" title=\"Palmeras artificiales para verano\">Palmeras artificiales para verano<\/a><\/li><li class='ez-toc-page-1 ez-toc-heading-level-2'><a class=\"ez-toc-link ez-toc-heading-2\" href=\"https:\/\/todaslasplantas.com\/blog\/las-mejores-plantas-artificiales-para-decorar-en-verano\/#Plataneras_y_bananeras_artificiales_para_decorar_en_verano\" title=\"Plataneras y bananeras artificiales para decorar en verano\">Plataneras y bananeras artificiales para decorar en verano<\/a><\/li><li class='ez-toc-page-1 ez-toc-heading-level-2'><a class=\"ez-toc-link ez-toc-heading-3\" href=\"https:\/\/todaslasplantas.com\/blog\/las-mejores-plantas-artificiales-para-decorar-en-verano\/#Flores_artificiales_para_decorar_en_verano\" title=\"Flores artificiales para decorar en verano\">Flores artificiales para decorar en verano<\/a><\/li><li class='ez-toc-page-1 ez-toc-heading-level-2'><a class=\"ez-toc-link ez-toc-heading-4\" href=\"https:\/\/todaslasplantas.com\/blog\/las-mejores-plantas-artificiales-para-decorar-en-verano\/#Que_zonas_decorar_con_plantas_artificiales_en_verano\" title=\"Qu\u00e9 zonas decorar con plantas artificiales en verano\">Qu\u00e9 zonas decorar con plantas artificiales en verano<\/a><\/li><\/ul><\/nav><\/div>\n","protected":false},"excerpt":{"rendered":"<p>El verano es la \u00e9poca m\u00e1s calurosa del a\u00f1o. Por ello, elegir plantas artificiales para decorar puede ser una de las mejores opciones, ya que no se secar\u00e1n en exceso por el tiempo ni les afectar\u00e1 la temporalidad. En este post te mostraremos algunas de las plantas artificiales de verano m\u00e1s demandadas, utilizadas por su &#8230; <a title=\"Las mejores Plantas artificiales para decorar en verano\" class=\"read-more\" href=\"https:\/\/todaslasplantas.com\/blog\/las-mejores-plantas-artificiales-para-decorar-en-verano\/\" aria-label=\"Leer m\u00e1s sobre Las mejores Plantas artificiales para decorar en verano\">Leer m\u00e1s<\/a><\/p>\n","protected":false},"author":11,"featured_media":6562,"comment_status":"closed","ping_status":"closed","sticky":false,"template":"","format":"standard","meta":{"footnotes":"","_glsr_average":0,"_glsr_ranking":0,"_glsr_reviews":0},"categories":[162],"tags":[],"_links":{"self":[{"href":"https:\/\/todaslasplantas.com\/blog\/wp-json\/wp\/v2\/posts\/6549"}],"collection":[{"href":"https:\/\/todaslasplantas.com\/blog\/wp-json\/wp\/v2\/posts"}],"about":[{"href":"https:\/\/todaslasplantas.com\/blog\/wp-json\/wp\/v2\/types\/post"}],"author":[{"embeddable":true,"href":"https:\/\/todaslasplantas.com\/blog\/wp-json\/wp\/v2\/users\/11"}],"replies":[{"embeddable":true,"href":"https:\/\/todaslasplantas.com\/blog\/wp-json\/wp\/v2\/comments?post=6549"}],"version-history":[{"count":9,"href":"https:\/\/todaslasplantas.com\/blog\/wp-json\/wp\/v2\/posts\/6549\/revisions"}],"predecessor-version":[{"id":6740,"href":"https:\/\/todaslasplantas.com\/blog\/wp-json\/wp\/v2\/posts\/6549\/revisions\/6740"}],"wp:featuredmedia":[{"embeddable":true,"href":"https:\/\/todaslasplantas.com\/blog\/wp-json\/wp\/v2\/media\/6562"}],"wp:attachment":[{"href":"https:\/\/todaslasplantas.com\/blog\/wp-json\/wp\/v2\/media?parent=6549"}],"wp:term":[{"taxonomy":"category","embeddable":true,"href":"https:\/\/todaslasplantas.com\/blog\/wp-json\/wp\/v2\/categories?post=6549"},{"taxonomy":"post_tag","embeddable":true,"href":"https:\/\/todaslasplantas.com\/blog\/wp-json\/wp\/v2\/tags?post=6549"}],"curies":[{"name":"wp","href":"https:\/\/api.w.org\/{rel}","templated":true}]}}