{"id":4279,"date":"2020-02-21T12:26:00","date_gmt":"2020-02-21T12:26:00","guid":{"rendered":"https:\/\/todaslasplantas.com\/blog\/?p=4279"},"modified":"2022-10-06T09:43:25","modified_gmt":"2022-10-06T09:43:25","slug":"jardin-vertical-artificial-2","status":"publish","type":"post","link":"https:\/\/todaslasplantas.com\/blog\/jardin-vertical-artificial-2\/","title":{"rendered":"Jard\u00edn vertical artificial"},"content":{"rendered":"\n<h2 class=\"wp-block-heading\"><span class=\"ez-toc-section\" id=\"PLACAS_PARA_JARDINES_VERTICALES\"><\/span>PLACAS PARA JARDINES VERTICALES<span class=\"ez-toc-section-end\"><\/span><\/h2>\n\n\n\n<p>\u00bfHas querido alguna vez decorar una pared de casa y no has sabido c\u00f3mo? Nosotros te traemos la soluci\u00f3n.<\/p>\n\n\n\n<p>En Todaslasplantas, realizamos placas, para confeccionar jardines verticales artificiales, ya que sabemos que rellenar un espacio vertical, a parte de ser muy decorativo y visual, es un gran ahorro del espacio sin perder la originalidad de este.<\/p>\n\n\n\n<p>Realizamos placas para confeccionar jardines verticales artificiales, las realizamos en diferentes tama\u00f1os y dise\u00f1os. <a href=\"https:\/\/todaslasplantas.com\/\" target=\"_blank\" rel=\"noreferrer noopener\">www.todaslasplantas.com<\/a><\/p>\n\n\n\n<figure class=\"wp-block-image\"><img loading=\"lazy\" decoding=\"async\" width=\"1024\" height=\"567\" src=\"https:\/\/todaslasplantas.com\/blog\/wp-content\/uploads\/2020\/02\/JARDIN-tela.jpg\" alt=\"\" class=\"wp-image-5251\" srcset=\"https:\/\/todaslasplantas.com\/blog\/wp-content\/uploads\/2020\/02\/JARDIN-tela.jpg 1024w, https:\/\/todaslasplantas.com\/blog\/wp-content\/uploads\/2020\/02\/JARDIN-tela-768x425.jpg 768w, https:\/\/todaslasplantas.com\/blog\/wp-content\/uploads\/2020\/02\/JARDIN-tela-750x415.jpg 750w\" sizes=\"(max-width: 1024px) 100vw, 1024px\" \/><\/figure>\n\n\n\n<h2 class=\"wp-block-heading\"><span class=\"ez-toc-section\" id=\"PROYECTO_JARDIN_VERTICAL\"><\/span>PROYECTO JARD\u00cdN VERTICAL<span class=\"ez-toc-section-end\"><\/span><\/h2>\n\n\n\n<p>Os traemos uno de los proyectos m\u00e1s espectaculares que hemos llevado a cabo en Todas Las Plantas de manos de nuestros amigos de Con T de Touch\u00e9, que eligieron unas espectaculares plantas de nuestro cat\u00e1logo quedando esta impresionante fachada para su negocio.<\/p>\n\n\n\n<p>D\u00e1ndole un toque diferente y sensaci\u00f3n de frescura al instalar naturaleza dentro de interiores.<\/p>\n\n\n\n<p>Los jardines verticales embellecen el entorno con los colores de la naturaleza y hacen los espacios m\u00e1s acogedores y est\u00e9ticos.<\/p>\n\n\n\n<p>Si estas pensando en montar uno, has de saber que la instalaci\u00f3n de jardines verticales artificiales es mucho m\u00e1s sencilla que la de los naturales, debido a sus caracter\u00edsticas y adem\u00e1s no necesitan mantenimiento ni cuidados especiales.<\/p>\n\n\n\n<figure class=\"wp-block-image size-full\"><img loading=\"lazy\" decoding=\"async\" width=\"1024\" height=\"682\" src=\"https:\/\/todaslasplantas.com\/blog\/wp-content\/uploads\/2019\/03\/IMG_5772.jpg\" alt=\"Proyecto jard\u00edn vertical\" class=\"wp-image-4291\" srcset=\"https:\/\/todaslasplantas.com\/blog\/wp-content\/uploads\/2019\/03\/IMG_5772.jpg 1024w, https:\/\/todaslasplantas.com\/blog\/wp-content\/uploads\/2019\/03\/IMG_5772-768x512.jpg 768w, https:\/\/todaslasplantas.com\/blog\/wp-content\/uploads\/2019\/03\/IMG_5772-750x500.jpg 750w\" sizes=\"(max-width: 1024px) 100vw, 1024px\" \/><\/figure>\n<div id=\"ez-toc-container\" class=\"ez-toc-v2_0_63 counter-hierarchy ez-toc-counter ez-toc-custom ez-toc-container-direction\">\n<div class=\"ez-toc-title-container\">\n<p class=\"ez-toc-title \" >&Iacute;ndice Contenido<\/p>\n<span class=\"ez-toc-title-toggle\"><a href=\"#\" class=\"ez-toc-pull-right ez-toc-btn ez-toc-btn-xs ez-toc-btn-default ez-toc-toggle\" aria-label=\"Toggle Table of Content\"><span class=\"ez-toc-js-icon-con\"><span class=\"\"><span class=\"eztoc-hide\" style=\"display:none;\">Toggle<\/span><span class=\"ez-toc-icon-toggle-span\"><svg style=\"fill: #999;color:#999\" xmlns=\"http:\/\/www.w3.org\/2000\/svg\" class=\"list-377408\" width=\"20px\" height=\"20px\" viewBox=\"0 0 24 24\" fill=\"none\"><path d=\"M6 6H4v2h2V6zm14 0H8v2h12V6zM4 11h2v2H4v-2zm16 0H8v2h12v-2zM4 16h2v2H4v-2zm16 0H8v2h12v-2z\" fill=\"currentColor\"><\/path><\/svg><svg style=\"fill: #999;color:#999\" class=\"arrow-unsorted-368013\" xmlns=\"http:\/\/www.w3.org\/2000\/svg\" width=\"10px\" height=\"10px\" viewBox=\"0 0 24 24\" version=\"1.2\" baseProfile=\"tiny\"><path d=\"M18.2 9.3l-6.2-6.3-6.2 6.3c-.2.2-.3.4-.3.7s.1.5.3.7c.2.2.4.3.7.3h11c.3 0 .5-.1.7-.3.2-.2.3-.5.3-.7s-.1-.5-.3-.7zM5.8 14.7l6.2 6.3 6.2-6.3c.2-.2.3-.5.3-.7s-.1-.5-.3-.7c-.2-.2-.4-.3-.7-.3h-11c-.3 0-.5.1-.7.3-.2.2-.3.5-.3.7s.1.5.3.7z\"\/><\/svg><\/span><\/span><\/span><\/a><\/span><\/div>\n<nav><ul class='ez-toc-list ez-toc-list-level-1 ' ><li class='ez-toc-page-1 ez-toc-heading-level-2'><a class=\"ez-toc-link ez-toc-heading-1\" href=\"https:\/\/todaslasplantas.com\/blog\/jardin-vertical-artificial-2\/#PLACAS_PARA_JARDINES_VERTICALES\" title=\"PLACAS PARA JARDINES VERTICALES\">PLACAS PARA JARDINES VERTICALES<\/a><\/li><li class='ez-toc-page-1 ez-toc-heading-level-2'><a class=\"ez-toc-link ez-toc-heading-2\" href=\"https:\/\/todaslasplantas.com\/blog\/jardin-vertical-artificial-2\/#PROYECTO_JARDIN_VERTICAL\" title=\"PROYECTO JARD\u00cdN VERTICAL\">PROYECTO JARD\u00cdN VERTICAL<\/a><\/li><\/ul><\/nav><\/div>\n","protected":false},"excerpt":{"rendered":"<p>PLACAS PARA JARDINES VERTICALES \u00bfHas querido alguna vez decorar una pared de casa y no has sabido c\u00f3mo? Nosotros te traemos la soluci\u00f3n. En Todaslasplantas, realizamos placas, para confeccionar jardines verticales artificiales, ya que sabemos que rellenar un espacio vertical, a parte de ser muy decorativo y visual, es un gran ahorro del espacio sin &#8230; <a title=\"Jard\u00edn vertical artificial\" class=\"read-more\" href=\"https:\/\/todaslasplantas.com\/blog\/jardin-vertical-artificial-2\/\" aria-label=\"Leer m\u00e1s sobre Jard\u00edn vertical artificial\">Leer m\u00e1s<\/a><\/p>\n","protected":false},"author":11,"featured_media":5990,"comment_status":"closed","ping_status":"closed","sticky":false,"template":"","format":"standard","meta":{"footnotes":"","_glsr_average":0,"_glsr_ranking":0,"_glsr_reviews":0},"categories":[162],"tags":[],"_links":{"self":[{"href":"https:\/\/todaslasplantas.com\/blog\/wp-json\/wp\/v2\/posts\/4279"}],"collection":[{"href":"https:\/\/todaslasplantas.com\/blog\/wp-json\/wp\/v2\/posts"}],"about":[{"href":"https:\/\/todaslasplantas.com\/blog\/wp-json\/wp\/v2\/types\/post"}],"author":[{"embeddable":true,"href":"https:\/\/todaslasplantas.com\/blog\/wp-json\/wp\/v2\/users\/11"}],"replies":[{"embeddable":true,"href":"https:\/\/todaslasplantas.com\/blog\/wp-json\/wp\/v2\/comments?post=4279"}],"version-history":[{"count":33,"href":"https:\/\/todaslasplantas.com\/blog\/wp-json\/wp\/v2\/posts\/4279\/revisions"}],"predecessor-version":[{"id":7009,"href":"https:\/\/todaslasplantas.com\/blog\/wp-json\/wp\/v2\/posts\/4279\/revisions\/7009"}],"wp:featuredmedia":[{"embeddable":true,"href":"https:\/\/todaslasplantas.com\/blog\/wp-json\/wp\/v2\/media\/5990"}],"wp:attachment":[{"href":"https:\/\/todaslasplantas.com\/blog\/wp-json\/wp\/v2\/media?parent=4279"}],"wp:term":[{"taxonomy":"category","embeddable":true,"href":"https:\/\/todaslasplantas.com\/blog\/wp-json\/wp\/v2\/categories?post=4279"},{"taxonomy":"post_tag","embeddable":true,"href":"https:\/\/todaslasplantas.com\/blog\/wp-json\/wp\/v2\/tags?post=4279"}],"curies":[{"name":"wp","href":"https:\/\/api.w.org\/{rel}","templated":true}]}}