{"id":4270,"date":"2020-02-21T16:07:00","date_gmt":"2020-02-21T16:07:00","guid":{"rendered":"https:\/\/todaslasplantas.com\/blog\/?p=4270"},"modified":"2022-10-06T09:35:40","modified_gmt":"2022-10-06T09:35:40","slug":"jardin-vertical-artificial-nuevo-sistema-modular","status":"publish","type":"post","link":"https:\/\/todaslasplantas.com\/blog\/jardin-vertical-artificial-nuevo-sistema-modular\/","title":{"rendered":"Jard\u00edn vertical artificial, nuevo sistema modular"},"content":{"rendered":"\n<h2 class=\"wp-block-heading\"><span class=\"ez-toc-section\" id=\"SISTEMA_MODULAR_PARA_JARDIN_VERTICAL\"><\/span>SISTEMA MODULAR PARA JARD\u00cdN VERTICAL<span class=\"ez-toc-section-end\"><\/span><\/h2>\n\n\n\n<p>El Sistema Modular para plantas es un sistema de apilamiento modular, que consiste en un pilar central del que se proyectan a distintas alturas soportes para plantas, de modo que pueden apilarse tantos m\u00f3dulos con soporte para plantas como se desee.<\/p>\n\n\n\n<p>Este nuevo sistema nos ayuda a realizar tantas combinaciones de plantas como queramos y a\u00f1adir nuevos m\u00f3dulos en caso de que queramos seguir ampliando nuestro jard\u00edn vertical.<\/p>\n\n\n\n<p>Algunas ideas donde podemos utilizar ese nuevo sistema con plantas artificiales son:<\/p>\n\n\n\n<figure class=\"wp-block-image\"><img loading=\"lazy\" decoding=\"async\" width=\"1003\" height=\"270\" src=\"https:\/\/todaslasplantas.com\/blog\/wp-content\/uploads\/2020\/02\/compo.jpg\" alt=\"Ideas jard\u00edn vertical\" class=\"wp-image-5220\" srcset=\"https:\/\/todaslasplantas.com\/blog\/wp-content\/uploads\/2020\/02\/compo.jpg 1003w, https:\/\/todaslasplantas.com\/blog\/wp-content\/uploads\/2020\/02\/compo-768x207.jpg 768w, https:\/\/todaslasplantas.com\/blog\/wp-content\/uploads\/2020\/02\/compo-750x202.jpg 750w\" sizes=\"(max-width: 1003px) 100vw, 1003px\" \/><\/figure>\n\n\n\n<h3 class=\"wp-block-heading\"><span class=\"ez-toc-section\" id=\"%C2%BFDONDE_COLOCAR_UN_JARDIN_VERTICAL\"><\/span>\u00bfD\u00d3NDE COLOCAR UN JARD\u00cdN VERTICAL?<span class=\"ez-toc-section-end\"><\/span><\/h3>\n\n\n\n<ul><li>Colocar un <strong>jard\u00edn vertical con plantas artificiales<\/strong> en la pared de tu ba\u00f1o ya que es la habitaci\u00f3n donde nos relajamos y el aspecto natural queda perfecto a esta estancia. Otro motivo por el que montar un jard\u00edn vertical en el ba\u00f1o es una buena opci\u00f3n es porque su composici\u00f3n <strong>artificial<\/strong> har\u00e1 que nos despreocupemos de que el ambiente h\u00famedo y el contraste de calor y fr\u00edo dependiendo de la \u00e9poca de a\u00f1o tengan efectos sobre las plantas.<\/li><li>Para exteriores peque\u00f1os utilizar un<strong> jard\u00edn vertical artificial<\/strong> nos ahorrar\u00e1 espacio y le dar\u00e1 un aspecto m\u00e1s grande y abierto, adem\u00e1s de ahorrarnos su mantenimiento por su composici\u00f3n artificial.<\/li><li>Instalar un<strong> jard\u00edn vertical artificial<\/strong> junto a nuestra piscina, d\u00e1ndole aspecto de un lugar paradisiaco dentro de casa. Al igual que en el ba\u00f1o, las consecuencias que podr\u00edan provocar la piscina a las plantas estar\u00e1n fuera de nuestras preocupaciones debido a la utilizaci\u00f3n de <strong>plantas artificiales<\/strong>.<\/li><li>Utilizar un <strong>jard\u00edn vertical artificial<\/strong> a modo de cuadro en habitaciones de casa le dar\u00e1 un aspecto diferente y original.<\/li><\/ul>\n\n\n\n<div class=\"wp-block-columns is-layout-flex wp-container-core-columns-layout-1 wp-block-columns-is-layout-flex\">\n<div class=\"wp-block-column is-layout-flow wp-block-column-is-layout-flow\">\n<figure class=\"wp-block-image\"><img loading=\"lazy\" decoding=\"async\" width=\"750\" height=\"510\" src=\"https:\/\/todaslasplantas.com\/blog\/wp-content\/uploads\/2020\/02\/jardin-vertical-modular-3-750x510.jpg\" alt=\"\" class=\"wp-image-5224\"\/><\/figure>\n<\/div>\n\n\n\n<div class=\"wp-block-column is-layout-flow wp-block-column-is-layout-flow\">\n<figure class=\"wp-block-image\"><img loading=\"lazy\" decoding=\"async\" width=\"750\" height=\"510\" src=\"https:\/\/todaslasplantas.com\/blog\/wp-content\/uploads\/2020\/02\/jardin-vertical-modular-4-750x510.jpg\" alt=\"\" class=\"wp-image-5229\"\/><\/figure>\n<\/div>\n<\/div>\n\n\n\n<figure class=\"wp-block-image\"><img loading=\"lazy\" decoding=\"async\" width=\"1024\" height=\"846\" src=\"https:\/\/todaslasplantas.com\/blog\/wp-content\/uploads\/2020\/02\/medidas-1024x846.jpg\" alt=\"\" class=\"wp-image-5230\" srcset=\"https:\/\/todaslasplantas.com\/blog\/wp-content\/uploads\/2020\/02\/medidas-1024x846.jpg 1024w, https:\/\/todaslasplantas.com\/blog\/wp-content\/uploads\/2020\/02\/medidas-768x634.jpg 768w, https:\/\/todaslasplantas.com\/blog\/wp-content\/uploads\/2020\/02\/medidas-666x550.jpg 666w, https:\/\/todaslasplantas.com\/blog\/wp-content\/uploads\/2020\/02\/medidas.jpg 1103w\" sizes=\"(max-width: 1024px) 100vw, 1024px\" \/><\/figure>\n\n\n\n<p>Visita nuestra p\u00e1gina web <a href=\"https:\/\/todaslasplantas.com\/\" target=\"_blank\" rel=\"noreferrer noopener\">www.todaslasplantas.com<\/a> para saber m\u00e1s sobre el <strong>sistema modular de jard\u00edn vertical artificial<\/strong> y conocer los distintos tipos de plantas que puedes combinar en este.<\/p>\n<div id=\"ez-toc-container\" class=\"ez-toc-v2_0_63 counter-hierarchy ez-toc-counter ez-toc-custom ez-toc-container-direction\">\n<div class=\"ez-toc-title-container\">\n<p class=\"ez-toc-title \" >&Iacute;ndice Contenido<\/p>\n<span class=\"ez-toc-title-toggle\"><a href=\"#\" class=\"ez-toc-pull-right ez-toc-btn ez-toc-btn-xs ez-toc-btn-default ez-toc-toggle\" aria-label=\"Toggle Table of Content\"><span class=\"ez-toc-js-icon-con\"><span class=\"\"><span class=\"eztoc-hide\" style=\"display:none;\">Toggle<\/span><span class=\"ez-toc-icon-toggle-span\"><svg style=\"fill: #999;color:#999\" xmlns=\"http:\/\/www.w3.org\/2000\/svg\" class=\"list-377408\" width=\"20px\" height=\"20px\" viewBox=\"0 0 24 24\" fill=\"none\"><path d=\"M6 6H4v2h2V6zm14 0H8v2h12V6zM4 11h2v2H4v-2zm16 0H8v2h12v-2zM4 16h2v2H4v-2zm16 0H8v2h12v-2z\" fill=\"currentColor\"><\/path><\/svg><svg style=\"fill: #999;color:#999\" class=\"arrow-unsorted-368013\" xmlns=\"http:\/\/www.w3.org\/2000\/svg\" width=\"10px\" height=\"10px\" viewBox=\"0 0 24 24\" version=\"1.2\" baseProfile=\"tiny\"><path d=\"M18.2 9.3l-6.2-6.3-6.2 6.3c-.2.2-.3.4-.3.7s.1.5.3.7c.2.2.4.3.7.3h11c.3 0 .5-.1.7-.3.2-.2.3-.5.3-.7s-.1-.5-.3-.7zM5.8 14.7l6.2 6.3 6.2-6.3c.2-.2.3-.5.3-.7s-.1-.5-.3-.7c-.2-.2-.4-.3-.7-.3h-11c-.3 0-.5.1-.7.3-.2.2-.3.5-.3.7s.1.5.3.7z\"\/><\/svg><\/span><\/span><\/span><\/a><\/span><\/div>\n<nav><ul class='ez-toc-list ez-toc-list-level-1 ' ><li class='ez-toc-page-1 ez-toc-heading-level-2'><a class=\"ez-toc-link ez-toc-heading-1\" href=\"https:\/\/todaslasplantas.com\/blog\/jardin-vertical-artificial-nuevo-sistema-modular\/#SISTEMA_MODULAR_PARA_JARDIN_VERTICAL\" title=\"SISTEMA MODULAR PARA JARD\u00cdN VERTICAL\">SISTEMA MODULAR PARA JARD\u00cdN VERTICAL<\/a><ul class='ez-toc-list-level-3' ><li class='ez-toc-heading-level-3'><a class=\"ez-toc-link ez-toc-heading-2\" href=\"https:\/\/todaslasplantas.com\/blog\/jardin-vertical-artificial-nuevo-sistema-modular\/#%C2%BFDONDE_COLOCAR_UN_JARDIN_VERTICAL\" title=\"\u00bfD\u00d3NDE COLOCAR UN JARD\u00cdN VERTICAL?\">\u00bfD\u00d3NDE COLOCAR UN JARD\u00cdN VERTICAL?<\/a><\/li><\/ul><\/li><\/ul><\/nav><\/div>\n","protected":false},"excerpt":{"rendered":"<p>SISTEMA MODULAR PARA JARD\u00cdN VERTICAL El Sistema Modular para plantas es un sistema de apilamiento modular, que consiste en un pilar central del que se proyectan a distintas alturas soportes para plantas, de modo que pueden apilarse tantos m\u00f3dulos con soporte para plantas como se desee. Este nuevo sistema nos ayuda a realizar tantas combinaciones &#8230; <a title=\"Jard\u00edn vertical artificial, nuevo sistema modular\" class=\"read-more\" href=\"https:\/\/todaslasplantas.com\/blog\/jardin-vertical-artificial-nuevo-sistema-modular\/\" aria-label=\"Leer m\u00e1s sobre Jard\u00edn vertical artificial, nuevo sistema modular\">Leer m\u00e1s<\/a><\/p>\n","protected":false},"author":11,"featured_media":5949,"comment_status":"closed","ping_status":"closed","sticky":false,"template":"","format":"standard","meta":{"footnotes":"","_glsr_average":0,"_glsr_ranking":0,"_glsr_reviews":0},"categories":[163],"tags":[],"_links":{"self":[{"href":"https:\/\/todaslasplantas.com\/blog\/wp-json\/wp\/v2\/posts\/4270"}],"collection":[{"href":"https:\/\/todaslasplantas.com\/blog\/wp-json\/wp\/v2\/posts"}],"about":[{"href":"https:\/\/todaslasplantas.com\/blog\/wp-json\/wp\/v2\/types\/post"}],"author":[{"embeddable":true,"href":"https:\/\/todaslasplantas.com\/blog\/wp-json\/wp\/v2\/users\/11"}],"replies":[{"embeddable":true,"href":"https:\/\/todaslasplantas.com\/blog\/wp-json\/wp\/v2\/comments?post=4270"}],"version-history":[{"count":23,"href":"https:\/\/todaslasplantas.com\/blog\/wp-json\/wp\/v2\/posts\/4270\/revisions"}],"predecessor-version":[{"id":7007,"href":"https:\/\/todaslasplantas.com\/blog\/wp-json\/wp\/v2\/posts\/4270\/revisions\/7007"}],"wp:featuredmedia":[{"embeddable":true,"href":"https:\/\/todaslasplantas.com\/blog\/wp-json\/wp\/v2\/media\/5949"}],"wp:attachment":[{"href":"https:\/\/todaslasplantas.com\/blog\/wp-json\/wp\/v2\/media?parent=4270"}],"wp:term":[{"taxonomy":"category","embeddable":true,"href":"https:\/\/todaslasplantas.com\/blog\/wp-json\/wp\/v2\/categories?post=4270"},{"taxonomy":"post_tag","embeddable":true,"href":"https:\/\/todaslasplantas.com\/blog\/wp-json\/wp\/v2\/tags?post=4270"}],"curies":[{"name":"wp","href":"https:\/\/api.w.org\/{rel}","templated":true}]}}