{"id":4256,"date":"2022-04-06T08:16:00","date_gmt":"2022-04-06T08:16:00","guid":{"rendered":"https:\/\/todaslasplantas.com\/blog\/novedades-en-maceteros\/"},"modified":"2022-09-20T06:37:50","modified_gmt":"2022-09-20T06:37:50","slug":"novedades-en-maceteros-de-esparto","status":"publish","type":"post","link":"https:\/\/todaslasplantas.com\/blog\/novedades-en-maceteros-de-esparto\/","title":{"rendered":"Novedades en maceteros"},"content":{"rendered":"\n<h2 class=\"wp-block-heading\"><span class=\"ez-toc-section\" id=\"Maceteros_de_esparto\"><\/span>Maceteros de esparto<span class=\"ez-toc-section-end\"><\/span><\/h2>\n\n\n\n<p>El <strong>esparto, el yute<\/strong>&nbsp;y las fibras naturales est\u00e1n cada vez m\u00e1s de moda en los hogares, estos materiales le dan un toque natural, boho y vintage a nuestra estancia.<\/p>\n\n\n\n<p>Los <strong>maceteros<\/strong> son imprescindibles para toda persona amante de las plantas, debido a que le dan un aspecto diferente y puedes combinarlos en relaci\u00f3n a la decoraci\u00f3n de tu hogar.<\/p>\n\n\n\n<p>Si estas pensando en renovar la apariencia de tu jard\u00edn o tu sal\u00f3n para este verano, nuestros maceteros son la mejor opci\u00f3n.<\/p>\n\n\n\n<figure class=\"wp-block-image size-full\"><img loading=\"lazy\" decoding=\"async\" width=\"990\" height=\"475\" src=\"https:\/\/todaslasplantas.com\/blog\/wp-content\/uploads\/2022\/04\/novedades-en-maceteros.jpg\" alt=\"novedades en maceteros\" class=\"wp-image-6722\" srcset=\"https:\/\/todaslasplantas.com\/blog\/wp-content\/uploads\/2022\/04\/novedades-en-maceteros.jpg 990w, https:\/\/todaslasplantas.com\/blog\/wp-content\/uploads\/2022\/04\/novedades-en-maceteros-768x368.jpg 768w\" sizes=\"(max-width: 990px) 100vw, 990px\" \/><\/figure>\n\n\n\n<h3 class=\"wp-block-heading\"><span class=\"ez-toc-section\" id=\"%C2%BFDonde_usar_maceteros_de_esparto\"><\/span>\u00bfD\u00f3nde usar maceteros de esparto?<span class=\"ez-toc-section-end\"><\/span><\/h3>\n\n\n\n<p>Estos <strong>maceteros de yute trenzado o de esparto<\/strong> est\u00e1n dise\u00f1ados para interior y exterior.<\/p>\n\n\n\n<p>Con la combinaci\u00f3n de varios <strong>maceteros<\/strong> o con los <strong>maceteros colgantes<\/strong> podremos crear un bonito jard\u00edn vertical, tanto para exteriores en tu jard\u00edn como para interiores en salones, habitaciones o cocinas&#8230;<\/p>\n\n\n\n<p>Tambi\u00e9n podemos emplearlos como maceta tradicional sobre el suelo o para decorar centros de mesa o estanter\u00edas.<\/p>\n\n\n\n<p>En nuestra tienda online encontrar\u00e1s <strong>maceteros de suelo <\/strong>y<strong> colgantes, le\u00f1eras <\/strong>y <strong>cactus<\/strong> fabricado de pleita de esparto artesanales Made in Spain.<\/p>\n\n\n\n<p>Podr\u00e1s encontrar <strong>nuevos modelos<\/strong> de<a href=\"https:\/\/todaslasplantas.com\/198-cestas-y-articulos-de-mimbre-o-madera\"><strong> maceteros de pleita de esparto o de yute<\/strong><\/a> ideales para incluir a tus plantas y darle un toque diferente a tu estancia:<\/p>\n\n\n\n<div class=\"wp-block-columns is-layout-flex wp-container-core-columns-layout-1 wp-block-columns-is-layout-flex\">\n<div class=\"wp-block-column is-layout-flow wp-block-column-is-layout-flow\">\n<figure class=\"wp-block-image size-full\"><img loading=\"lazy\" decoding=\"async\" width=\"571\" height=\"420\" src=\"https:\/\/todaslasplantas.com\/blog\/wp-content\/uploads\/2020\/03\/Captura.png\" alt=\"maceteros de esparto 1\" class=\"wp-image-6124\"\/><\/figure>\n<\/div>\n\n\n\n<div class=\"wp-block-column is-layout-flow wp-block-column-is-layout-flow\">\n<figure class=\"wp-block-image size-full\"><img loading=\"lazy\" decoding=\"async\" width=\"574\" height=\"350\" src=\"https:\/\/todaslasplantas.com\/blog\/wp-content\/uploads\/2020\/03\/ddd.png\" alt=\"maceteros de esparto 2\" class=\"wp-image-6129\"\/><\/figure>\n<\/div>\n<\/div>\n\n\n\n<p>Tambi\u00e9n puedes decantarte por nuestros <strong><a href=\"https:\/\/todaslasplantas.com\/cestas-y-articulos-de-mimbre-o-madera\/2552--cubremaceta-palmito-28cm-#\/517-color-19_natural\">Maceteros de Palmito<\/a>,<\/strong> ideales para<strong> plantas artificiales<\/strong> grandes de entre 70 y 150cm de altura. Estos maceteros est\u00e1n disponibles en varios colores y tama\u00f1os.<\/p>\n\n\n\n<div class=\"wp-block-columns is-layout-flex wp-container-core-columns-layout-2 wp-block-columns-is-layout-flex\">\n<div class=\"wp-block-column is-layout-flow wp-block-column-is-layout-flow\">\n<figure class=\"wp-block-image size-full\"><img loading=\"lazy\" decoding=\"async\" width=\"499\" height=\"743\" src=\"https:\/\/todaslasplantas.com\/blog\/wp-content\/uploads\/2020\/03\/ewrqwe-1.png\" alt=\"macetero de palmito 1\" class=\"wp-image-6148\" srcset=\"https:\/\/todaslasplantas.com\/blog\/wp-content\/uploads\/2020\/03\/ewrqwe-1.png 499w, https:\/\/todaslasplantas.com\/blog\/wp-content\/uploads\/2020\/03\/ewrqwe-1-369x550.png 369w\" sizes=\"(max-width: 499px) 100vw, 499px\" \/><\/figure>\n<\/div>\n\n\n\n<div class=\"wp-block-column is-layout-flow wp-block-column-is-layout-flow\">\n<figure class=\"wp-block-image size-full\"><img loading=\"lazy\" decoding=\"async\" width=\"517\" height=\"703\" src=\"https:\/\/todaslasplantas.com\/blog\/wp-content\/uploads\/2020\/03\/ffff-1.png\" alt=\"macetero de palmito 2\" class=\"wp-image-6149\" srcset=\"https:\/\/todaslasplantas.com\/blog\/wp-content\/uploads\/2020\/03\/ffff-1.png 517w, https:\/\/todaslasplantas.com\/blog\/wp-content\/uploads\/2020\/03\/ffff-1-404x550.png 404w\" sizes=\"(max-width: 517px) 100vw, 517px\" \/><\/figure>\n<\/div>\n\n\n\n<div class=\"wp-block-column is-layout-flow wp-block-column-is-layout-flow\">\n<figure class=\"wp-block-image size-full\"><img loading=\"lazy\" decoding=\"async\" width=\"520\" height=\"730\" src=\"https:\/\/todaslasplantas.com\/blog\/wp-content\/uploads\/2020\/03\/fffffffff-1.png\" alt=\"macetero de palmito 3\" class=\"wp-image-6150\" srcset=\"https:\/\/todaslasplantas.com\/blog\/wp-content\/uploads\/2020\/03\/fffffffff-1.png 520w, https:\/\/todaslasplantas.com\/blog\/wp-content\/uploads\/2020\/03\/fffffffff-1-392x550.png 392w\" sizes=\"(max-width: 520px) 100vw, 520px\" \/><\/figure>\n<\/div>\n<\/div>\n\n\n\n<p>No lo pienses m\u00e1s y dale un toque innovador y estiloso a tu hogar con estos nuevos maceteros ya disponibles en nuestra p\u00e1gina web. <a href=\"https:\/\/todaslasplantas.com\/\">www.todaslasplantas.com.<\/a><\/p>\n<div id=\"ez-toc-container\" class=\"ez-toc-v2_0_63 counter-hierarchy ez-toc-counter ez-toc-custom ez-toc-container-direction\">\n<div class=\"ez-toc-title-container\">\n<p class=\"ez-toc-title \" >&Iacute;ndice Contenido<\/p>\n<span class=\"ez-toc-title-toggle\"><a href=\"#\" class=\"ez-toc-pull-right ez-toc-btn ez-toc-btn-xs ez-toc-btn-default ez-toc-toggle\" aria-label=\"Toggle Table of Content\"><span class=\"ez-toc-js-icon-con\"><span class=\"\"><span class=\"eztoc-hide\" style=\"display:none;\">Toggle<\/span><span class=\"ez-toc-icon-toggle-span\"><svg style=\"fill: #999;color:#999\" xmlns=\"http:\/\/www.w3.org\/2000\/svg\" class=\"list-377408\" width=\"20px\" height=\"20px\" viewBox=\"0 0 24 24\" fill=\"none\"><path d=\"M6 6H4v2h2V6zm14 0H8v2h12V6zM4 11h2v2H4v-2zm16 0H8v2h12v-2zM4 16h2v2H4v-2zm16 0H8v2h12v-2z\" fill=\"currentColor\"><\/path><\/svg><svg style=\"fill: #999;color:#999\" class=\"arrow-unsorted-368013\" xmlns=\"http:\/\/www.w3.org\/2000\/svg\" width=\"10px\" height=\"10px\" viewBox=\"0 0 24 24\" version=\"1.2\" baseProfile=\"tiny\"><path d=\"M18.2 9.3l-6.2-6.3-6.2 6.3c-.2.2-.3.4-.3.7s.1.5.3.7c.2.2.4.3.7.3h11c.3 0 .5-.1.7-.3.2-.2.3-.5.3-.7s-.1-.5-.3-.7zM5.8 14.7l6.2 6.3 6.2-6.3c.2-.2.3-.5.3-.7s-.1-.5-.3-.7c-.2-.2-.4-.3-.7-.3h-11c-.3 0-.5.1-.7.3-.2.2-.3.5-.3.7s.1.5.3.7z\"\/><\/svg><\/span><\/span><\/span><\/a><\/span><\/div>\n<nav><ul class='ez-toc-list ez-toc-list-level-1 ' ><li class='ez-toc-page-1 ez-toc-heading-level-2'><a class=\"ez-toc-link ez-toc-heading-1\" href=\"https:\/\/todaslasplantas.com\/blog\/novedades-en-maceteros-de-esparto\/#Maceteros_de_esparto\" title=\"Maceteros de esparto\">Maceteros de esparto<\/a><ul class='ez-toc-list-level-3' ><li class='ez-toc-heading-level-3'><a class=\"ez-toc-link ez-toc-heading-2\" href=\"https:\/\/todaslasplantas.com\/blog\/novedades-en-maceteros-de-esparto\/#%C2%BFDonde_usar_maceteros_de_esparto\" title=\"\u00bfD\u00f3nde usar maceteros de esparto?\">\u00bfD\u00f3nde usar maceteros de esparto?<\/a><\/li><\/ul><\/li><\/ul><\/nav><\/div>\n","protected":false},"excerpt":{"rendered":"<p>Maceteros de esparto El esparto, el yute&nbsp;y las fibras naturales est\u00e1n cada vez m\u00e1s de moda en los hogares, estos materiales le dan un toque natural, boho y vintage a nuestra estancia. Los maceteros son imprescindibles para toda persona amante de las plantas, debido a que le dan un aspecto diferente y puedes combinarlos en &#8230; <a title=\"Novedades en maceteros\" class=\"read-more\" href=\"https:\/\/todaslasplantas.com\/blog\/novedades-en-maceteros-de-esparto\/\" aria-label=\"Leer m\u00e1s sobre Novedades en maceteros\">Leer m\u00e1s<\/a><\/p>\n","protected":false},"author":11,"featured_media":6089,"comment_status":"closed","ping_status":"closed","sticky":false,"template":"","format":"standard","meta":{"footnotes":"","_glsr_average":0,"_glsr_ranking":0,"_glsr_reviews":0},"categories":[162],"tags":[],"_links":{"self":[{"href":"https:\/\/todaslasplantas.com\/blog\/wp-json\/wp\/v2\/posts\/4256"}],"collection":[{"href":"https:\/\/todaslasplantas.com\/blog\/wp-json\/wp\/v2\/posts"}],"about":[{"href":"https:\/\/todaslasplantas.com\/blog\/wp-json\/wp\/v2\/types\/post"}],"author":[{"embeddable":true,"href":"https:\/\/todaslasplantas.com\/blog\/wp-json\/wp\/v2\/users\/11"}],"replies":[{"embeddable":true,"href":"https:\/\/todaslasplantas.com\/blog\/wp-json\/wp\/v2\/comments?post=4256"}],"version-history":[{"count":79,"href":"https:\/\/todaslasplantas.com\/blog\/wp-json\/wp\/v2\/posts\/4256\/revisions"}],"predecessor-version":[{"id":6752,"href":"https:\/\/todaslasplantas.com\/blog\/wp-json\/wp\/v2\/posts\/4256\/revisions\/6752"}],"wp:featuredmedia":[{"embeddable":true,"href":"https:\/\/todaslasplantas.com\/blog\/wp-json\/wp\/v2\/media\/6089"}],"wp:attachment":[{"href":"https:\/\/todaslasplantas.com\/blog\/wp-json\/wp\/v2\/media?parent=4256"}],"wp:term":[{"taxonomy":"category","embeddable":true,"href":"https:\/\/todaslasplantas.com\/blog\/wp-json\/wp\/v2\/categories?post=4256"},{"taxonomy":"post_tag","embeddable":true,"href":"https:\/\/todaslasplantas.com\/blog\/wp-json\/wp\/v2\/tags?post=4256"}],"curies":[{"name":"wp","href":"https:\/\/api.w.org\/{rel}","templated":true}]}}